{"id":420,"date":"2012-07-26T20:08:30","date_gmt":"2012-07-27T02:08:30","guid":{"rendered":"http:\/\/bettertogether.telenczuk.pl\/?p=420"},"modified":"2012-10-07T14:59:01","modified_gmt":"2012-10-07T20:59:01","slug":"chiapas-na-granicy-cywilizacji-majow","status":"publish","type":"post","link":"http:\/\/bettertogether.telenczuk.pl\/?p=420","title":{"rendered":"Chiapas &#8211; na granicy cywilizacji Maj\u00f3w"},"content":{"rendered":"<p>Po kilku dniach przerwy uda\u0142o nam si\u0119 znowu zasi\u0105\u015b\u0107 do komputera. Dzisiaj by\u0142 nasz ostatni dzie\u0144 w Meksyku. Ale po kolei&#8230;<\/p>\n<p>Nasze b\u0142ogie chwile na Meksyka\u0144skiej pla\u017cy sko\u0144czy\u0142y si\u0119 bardzo przyjemnie, dniem mniej upalnym. Mimo, \u017ce bardzo wystrzegali\u015bmy si\u0119 przez ca\u0142y czas naszej wyprawy je\u017adzic autobusami nocnymi (nale\u017cy tutaj podkre\u015bli\u0107, \u017ce poci\u0105gi w Meksyku nie istniej\u0105 &#8211; albo raczej istniej\u0105, ale w 1996 zosta\u0142y sprywatyzowane zupe\u0142nie i teraz s\u0142u\u017c\u0105 jedynie do przewozu towar\u00f3w) &#8211; a to ze wzgled\u00f3w bezpiecze\u0144stwa. Tym razem jednak zdecydowali\u015bmy si\u0119 pojecha\u0107 do San Cristobal de las Casas noc\u0105. Pow\u00f3d by\u0142 jeden &#8211; tylko takie autobusy by\u0142y mo\u017cliwe. Dojechali\u015bmy troch\u0119 zm\u0119czeni, ale bez \u017cadnych nieprzyjemnych przeszk\u00f3d nad ranem nast\u0119pnego dnia.<\/p>\n<p>San Cristobal jest miasteczkiem kolonialnym polozonym wyzej co laczy sie z ni\u017csz\u0105 i przyjemniejsz\u0105 temperatur\u0105. Znale\u017ali\u015bmy do\u015b\u0107 opustosza\u0142y, ale dla nas jak najbardziej wystarczaj\u0105cy hostel gdzie zlo\u017cyli\u015bmy nasze baga\u017ce i poszli\u015bmy na zwiedzanie. Ulice w Meksyku w tym mie\u015bcie, jak i w wi\u0119kszo\u015bci innych s\u0105 u\u0142o\u017cone w kratk\u0119 &#8211; zupe\u0142nie inaczej ni\u017c miasta europejskie. Wynika to z tego, \u017ce zanim zacz\u0119to je budowa\u0107 &#8211; planowano je. Nie rozrasta\u0142y si\u0119 wi\u0119c tak same z siebie jak miasta w Europie. W mie\u015bcince tej by\u0142o bardzo mi\u0142o, \u0142adnie, ale i wi\u0119cej turyst\u00f3w ni\u017c w miejscach, kt\u00f3re mijali\u015bmy wcze\u015bniej. Dowiedzieli\u015bmy si\u0119, \u017ce w\u0142a\u015bnie w tym czasie (mimo, \u017ce jest teraz tutaj zima) podr\u00f3\u017cuje najwi\u0119cej meksykan\u00f3w. Turystami wi\u0119c s\u0105 g\u0142\u00f3wnie meksykanie z innych rejon\u00f3w Meksyku. W rejonie Chiapas &#8211; czyli niejako wojew\u00f3dztwie gdzie znajduje si\u0119 San Cristobal mo\u017cna znale\u017a\u0107 r\u00f3\u017cne inne atrakcje takie jak pi\u0119kne jeziora w parku narodowym (por\u00f3wnywane do jezior Szkockich) i kanion. Wszystko jednak oddalone jest od miasta.<\/p>\n<div id=\"attachment_503\" style=\"width: 310px\" class=\"wp-caption alignnone\"><a href=\"http:\/\/bettertogether.telenczuk.pl\/?attachment_id=503\"  rel=\"attachment wp-att-503\"><img aria-describedby=\"caption-attachment-503\" loading=\"lazy\" class=\"size-medium wp-image-503\" title=\"DSC_0086\" src=\"http:\/\/bettertogether.telenczuk.pl\/wp-content\/uploads\/2012\/07\/DSC_0086-300x199.jpg\" alt=\"\" width=\"300\" height=\"199\" srcset=\"http:\/\/bettertogether.telenczuk.pl\/wp-content\/uploads\/2012\/07\/DSC_0086-300x199.jpg 300w, http:\/\/bettertogether.telenczuk.pl\/wp-content\/uploads\/2012\/07\/DSC_0086-1024x680.jpg 1024w, http:\/\/bettertogether.telenczuk.pl\/wp-content\/uploads\/2012\/07\/DSC_0086-451x300.jpg 451w\" sizes=\"(max-width: 300px) 100vw, 300px\" \/><\/a><p id=\"caption-attachment-503\" class=\"wp-caption-text\">Dekoracje w San Cristobal<\/p><\/div>\n<div id=\"attachment_504\" style=\"width: 310px\" class=\"wp-caption alignnone\"><a href=\"http:\/\/bettertogether.telenczuk.pl\/?attachment_id=504\"  rel=\"attachment wp-att-504\"><img aria-describedby=\"caption-attachment-504\" loading=\"lazy\" class=\"size-medium wp-image-504\" title=\"DSC_0096\" src=\"http:\/\/bettertogether.telenczuk.pl\/wp-content\/uploads\/2012\/07\/DSC_0096-300x199.jpg\" alt=\"\" width=\"300\" height=\"199\" srcset=\"http:\/\/bettertogether.telenczuk.pl\/wp-content\/uploads\/2012\/07\/DSC_0096-300x199.jpg 300w, http:\/\/bettertogether.telenczuk.pl\/wp-content\/uploads\/2012\/07\/DSC_0096-1024x680.jpg 1024w, http:\/\/bettertogether.telenczuk.pl\/wp-content\/uploads\/2012\/07\/DSC_0096-451x300.jpg 451w\" sizes=\"(max-width: 300px) 100vw, 300px\" \/><\/a><p id=\"caption-attachment-504\" class=\"wp-caption-text\">Kobiety sprzedaj\u0105ce r\u00f3\u017cne produkty<\/p><\/div>\n<div id=\"attachment_505\" style=\"width: 310px\" class=\"wp-caption alignnone\"><a href=\"http:\/\/bettertogether.telenczuk.pl\/?attachment_id=505\"  rel=\"attachment wp-att-505\"><img aria-describedby=\"caption-attachment-505\" loading=\"lazy\" class=\"size-medium wp-image-505\" title=\"DSC_0097\" src=\"http:\/\/bettertogether.telenczuk.pl\/wp-content\/uploads\/2012\/07\/DSC_0097-300x199.jpg\" alt=\"\" width=\"300\" height=\"199\" srcset=\"http:\/\/bettertogether.telenczuk.pl\/wp-content\/uploads\/2012\/07\/DSC_0097-300x199.jpg 300w, http:\/\/bettertogether.telenczuk.pl\/wp-content\/uploads\/2012\/07\/DSC_0097-1024x680.jpg 1024w, http:\/\/bettertogether.telenczuk.pl\/wp-content\/uploads\/2012\/07\/DSC_0097-451x300.jpg 451w\" sizes=\"(max-width: 300px) 100vw, 300px\" \/><\/a><p id=\"caption-attachment-505\" class=\"wp-caption-text\">Majanka<\/p><\/div>\n<p>Najpierw zdecydowali\u015bmy si\u0119 na popo\u0142udniow\u0105 przeja\u017cd\u017ck\u0119 konn\u0105. Obtlukli\u015bmy sobie nie\u017ale ty\u0142ki na cawboyskich siod\u0142ach aby dotrze\u0107 do miasteczka zwanego Chiamas. Nie by\u0142o tam prawie nic ciekawego. Nic poza ko\u015bcio\u0142em. Kosci\u00f3\u0142k\u00f3w jest tutaj bardzo du\u017co &#8211; o religii katolickiej pisali\u015bmy wcze\u015bniej. Ten kosci\u00f3\u0142ek natomiast by\u0142 niezwyk\u0142y (niestety zabronione by\u0142o robienie w \u015brodku niego zdj\u0119\u0107). Gdy weszli\u015bmy do \u015brodka nie zobaczyli\u015bmy \u0142awek. Ludzie siedzieli na ziemi. Ziemia natomiast zasypana by\u0142a d\u0142ugimi, zielonymi sosnowymi ig\u0142ami. Wsz\u0119dzie, ale to wsz\u0119dzie pali\u0142o si\u0119 mn\u00f3stwo \u015bwieczek. Ludzie siadali na ziemi zapaliali czasem chyba ze 100 d\u0142ugich \u015bwieczek uprzednio odgarniaj\u0105c ig\u0142y i przyklejaj\u0105c je (\u015bwieczki) do posadzki za pomoc\u0105 wosku. Potem modlili si\u0119. Ach, sama obserwacja tych modl\u0105cych si\u0119 ludzi robi\u0142a wra\u017cenie! Dooko\u0142a sta\u0142y, ka\u017cda za szyb\u0105, lalki, czy te\u017c figurki pokazuj\u0105ce r\u00f3\u017cnych \u015bwi\u0119tych. Ka\u017cda z nich podpisana i ka\u017cda z nich trzymaj\u0105ca lustro (nie doszli\u015bmy do powodu tych luster). Najwa\u017cniejszym ze \u015bwi\u0119tych by\u0142 Jan Chrzciciel &#8211; stoj\u0105cy na samym przodzie pod krzy\u017cem. Z przewodnika dowiedzieli\u015bmy si\u0119, \u017ce w tym ko\u015bciele nie ma kap\u0142an\u00f3w, nie ma \u015blub\u00f3w, a s\u0105 jedynie odprawiane chrzty.<\/p>\n<div id=\"attachment_506\" style=\"width: 310px\" class=\"wp-caption alignnone\"><a href=\"http:\/\/bettertogether.telenczuk.pl\/?attachment_id=506\"  rel=\"attachment wp-att-506\"><img aria-describedby=\"caption-attachment-506\" loading=\"lazy\" class=\"size-medium wp-image-506\" title=\"DSC_0136\" src=\"http:\/\/bettertogether.telenczuk.pl\/wp-content\/uploads\/2012\/07\/DSC_0136-300x199.jpg\" alt=\"\" width=\"300\" height=\"199\" srcset=\"http:\/\/bettertogether.telenczuk.pl\/wp-content\/uploads\/2012\/07\/DSC_0136-300x199.jpg 300w, http:\/\/bettertogether.telenczuk.pl\/wp-content\/uploads\/2012\/07\/DSC_0136-1024x680.jpg 1024w, http:\/\/bettertogether.telenczuk.pl\/wp-content\/uploads\/2012\/07\/DSC_0136-451x300.jpg 451w\" sizes=\"(max-width: 300px) 100vw, 300px\" \/><\/a><p id=\"caption-attachment-506\" class=\"wp-caption-text\">Jazda konna<\/p><\/div>\n<p>Nast\u0119pnego dnia wybrali\u015bmy si\u0119 na p\u00f3\u0142-dniow\u0105 wycieczk\u0119 do kanionu. Trzeba tam by\u0142o dojecha\u0107 minibusem, a potem wsiada\u0142o si\u0119 w \u0142\u00f3dk\u0119. Zrobi\u0142o to na nas znow\u00f3\u017c niesamowite wra\u017cenie. Podczas dwugodzinnej przeja\u017cd\u017cki byli\u015bmy wstanie nie tylko zobaczy\u0107 ogromne ska\u0142y wyrastaj\u0105ce po obu stronach rzeki (w najwy\u017cszym miejscu na kilometr), ale nawet 2 krokodyle wyleguj\u0105ce si\u0119 leniwie na brzegu. By\u0142 to park narodowy, wi\u0119c dzi\u0119ki Bogu, poza \u0142\u00f3dkami nie by\u0142o wida\u0107 wiele ludzkiego wk\u0142adu w ten dziki krajobraz.<\/p>\n<div id=\"attachment_507\" style=\"width: 310px\" class=\"wp-caption alignnone\"><a href=\"http:\/\/bettertogether.telenczuk.pl\/?attachment_id=507\"  rel=\"attachment wp-att-507\"><img aria-describedby=\"caption-attachment-507\" loading=\"lazy\" class=\"size-medium wp-image-507\" title=\"DSC_0208\" src=\"http:\/\/bettertogether.telenczuk.pl\/wp-content\/uploads\/2012\/07\/DSC_0208-300x199.jpg\" alt=\"\" width=\"300\" height=\"199\" srcset=\"http:\/\/bettertogether.telenczuk.pl\/wp-content\/uploads\/2012\/07\/DSC_0208-300x199.jpg 300w, http:\/\/bettertogether.telenczuk.pl\/wp-content\/uploads\/2012\/07\/DSC_0208-1024x680.jpg 1024w, http:\/\/bettertogether.telenczuk.pl\/wp-content\/uploads\/2012\/07\/DSC_0208-451x300.jpg 451w\" sizes=\"(max-width: 300px) 100vw, 300px\" \/><\/a><p id=\"caption-attachment-507\" class=\"wp-caption-text\">Krokodyl<\/p><\/div>\n<div id=\"attachment_508\" style=\"width: 310px\" class=\"wp-caption alignnone\"><a href=\"http:\/\/bettertogether.telenczuk.pl\/?attachment_id=508\"  rel=\"attachment wp-att-508\"><img aria-describedby=\"caption-attachment-508\" loading=\"lazy\" class=\"size-medium wp-image-508\" title=\"DSC_0223\" src=\"http:\/\/bettertogether.telenczuk.pl\/wp-content\/uploads\/2012\/07\/DSC_0223-300x199.jpg\" alt=\"\" width=\"300\" height=\"199\" srcset=\"http:\/\/bettertogether.telenczuk.pl\/wp-content\/uploads\/2012\/07\/DSC_0223-300x199.jpg 300w, http:\/\/bettertogether.telenczuk.pl\/wp-content\/uploads\/2012\/07\/DSC_0223-1024x680.jpg 1024w, http:\/\/bettertogether.telenczuk.pl\/wp-content\/uploads\/2012\/07\/DSC_0223-451x300.jpg 451w\" sizes=\"(max-width: 300px) 100vw, 300px\" \/><\/a><p id=\"caption-attachment-508\" class=\"wp-caption-text\">Kanion<\/p><\/div>\n<p>Czas goni\u0142 wi\u0119c po powrocie nale\u017ca\u0142o spieszy\u0107 do kolejnego autobusu. Przejecha\u0107 kolejne 6 h aby jeszcze przed noc\u0105 znale\u017a\u0107 si\u0119 w Palenqe. W San Cristobal zostawili\u015bmy wiele niezbadanych miejsc i niezobaczonych rzeczy, ale przed nami mia\u0142a roztoczy\u0107 si\u0119 kraina maj\u00f3w.<\/p>\n<p>Dotarli\u015bmy ze sporym sp\u00f3\u017anieniem, ale dali\u015bmy rad\u0119 znale\u017a\u0107 hostel z wolnym l\u00f3\u017ckiem, w kt\u00f3re padli\u015bmy wyczerpani (po zjedzeniu taco w pobliskim barze ma si\u0119 rozumie\u0107). Nie dane nam jednak by\u0142o spa\u0107 d\u0142ugo. Ju\u017c z rana musieli\u015bmy wsta\u0107 aby omin\u0105\u0107 t\u0142umy (co nam sie oczywiscie nie uda\u0142o) jad\u0105ce do ruin miasta Maj\u00f3w.<\/p>\n<p>Miasto Maj\u00f3w ko\u0142o Palenque\u00a0 prze\u017cywa\u0142o sw\u00f3j rozkwit ok. 600 roku naszej ery po czym upad\u0142o przypuszczalnie ze wzgl\u0119du na wyeksplotowanie \u015brodowiska (ostrze\u017cenie dla naszej cywilizjacji?).\u00a0 Pozosta\u0142o\u015bci po nim robi\u0105 du\u017ce wra\u017cenie &#8211; po\u0142o\u017cone w dolinie w d\u017cungli, a na otaczaj\u0105cych je wzg\u00f3rzach pobudowane \u015bwiatynie w postaci piramid. Niestety na wiele z nich nie mogli\u015bmy wej\u015b\u0107 i zobaczy\u0107 na przyk\u0142ad slynnej sali inskrypcji, w kt\u00f3rej wypisano histori\u0119 rodu kr\u00f3l\u00f3w. Zapis ten w zapomnianym pi\u015bmie Maj\u00f3w pom\u00f3g\u0142 naukowcom nauczy\u0107 si\u0119 je znowu odczytywa\u0107. Pod jedn\u0105 z piramid znajdowa\u0142 si\u0119 slynny grobowiec najwi\u0119kszego w\u0142adcy Palenque. Na inne piramidy mogli\u015bmy wej\u015b\u0107 podziwia\u0107 widoki na d\u017cungl\u0119 i r\u00f3wnin\u0119 Jukatanu, oraz pozosta\u0142o\u015bci plaskorze\u017ab przedstawiaj\u0105cych w\u0142adc\u00f3w, kt\u00f3rych histori\u0119 wypisane by\u0142y pismem Maj\u00f3w.<\/p>\n<div id=\"attachment_509\" style=\"width: 310px\" class=\"wp-caption alignnone\"><a href=\"http:\/\/bettertogether.telenczuk.pl\/?attachment_id=509\"  rel=\"attachment wp-att-509\"><img aria-describedby=\"caption-attachment-509\" loading=\"lazy\" class=\"size-medium wp-image-509\" title=\"DSC_0359\" src=\"http:\/\/bettertogether.telenczuk.pl\/wp-content\/uploads\/2012\/07\/DSC_0359-300x199.jpg\" alt=\"\" width=\"300\" height=\"199\" srcset=\"http:\/\/bettertogether.telenczuk.pl\/wp-content\/uploads\/2012\/07\/DSC_0359-300x199.jpg 300w, http:\/\/bettertogether.telenczuk.pl\/wp-content\/uploads\/2012\/07\/DSC_0359-1024x680.jpg 1024w, http:\/\/bettertogether.telenczuk.pl\/wp-content\/uploads\/2012\/07\/DSC_0359-451x300.jpg 451w\" sizes=\"(max-width: 300px) 100vw, 300px\" \/><\/a><p id=\"caption-attachment-509\" class=\"wp-caption-text\">pismo maj\u00f3w w Palenque<\/p><\/div>\n<div id=\"attachment_510\" style=\"width: 310px\" class=\"wp-caption alignnone\"><a href=\"http:\/\/bettertogether.telenczuk.pl\/?attachment_id=510\"  rel=\"attachment wp-att-510\"><img aria-describedby=\"caption-attachment-510\" loading=\"lazy\" class=\"size-medium wp-image-510\" title=\"DSC_0372\" src=\"http:\/\/bettertogether.telenczuk.pl\/wp-content\/uploads\/2012\/07\/DSC_0372-300x199.jpg\" alt=\"\" width=\"300\" height=\"199\" srcset=\"http:\/\/bettertogether.telenczuk.pl\/wp-content\/uploads\/2012\/07\/DSC_0372-300x199.jpg 300w, http:\/\/bettertogether.telenczuk.pl\/wp-content\/uploads\/2012\/07\/DSC_0372-1024x680.jpg 1024w, http:\/\/bettertogether.telenczuk.pl\/wp-content\/uploads\/2012\/07\/DSC_0372-451x300.jpg 451w\" sizes=\"(max-width: 300px) 100vw, 300px\" \/><\/a><p id=\"caption-attachment-510\" class=\"wp-caption-text\">Palenque<\/p><\/div>\n<div id=\"attachment_511\" style=\"width: 310px\" class=\"wp-caption alignnone\"><a href=\"http:\/\/bettertogether.telenczuk.pl\/?attachment_id=511\"  rel=\"attachment wp-att-511\"><img aria-describedby=\"caption-attachment-511\" loading=\"lazy\" class=\"size-medium wp-image-511\" title=\"DSC_0374\" src=\"http:\/\/bettertogether.telenczuk.pl\/wp-content\/uploads\/2012\/07\/DSC_03741-300x199.jpg\" alt=\"\" width=\"300\" height=\"199\" srcset=\"http:\/\/bettertogether.telenczuk.pl\/wp-content\/uploads\/2012\/07\/DSC_03741-300x199.jpg 300w, http:\/\/bettertogether.telenczuk.pl\/wp-content\/uploads\/2012\/07\/DSC_03741-1024x680.jpg 1024w, http:\/\/bettertogether.telenczuk.pl\/wp-content\/uploads\/2012\/07\/DSC_03741-451x300.jpg 451w\" sizes=\"(max-width: 300px) 100vw, 300px\" \/><\/a><p id=\"caption-attachment-511\" class=\"wp-caption-text\">Palenque<\/p><\/div>\n<p>Na koniec pojechali\u015bmy minivanem do granicy z Guatemal\u0105 w Frontera Corozal i tutaj czekamy na jutrzejsz\u0105 przepraw\u0119 przez rzek\u0119 i dalsz\u0105 podr\u00f3\u017c do Flores w Guatemali.<\/p>\n<p>Dzisiaj my\u015blimy o Asi i Karolu, kt\u00f3rzy za kilka godzin maj\u0105 \u015blub oraz Marcie, kt\u00f3ra w niedziel\u0119 obchodzi imieniny. \u017byczymy Wam wszystkim du\u017co szcz\u0119\u015bcia.<\/p>\n","protected":false},"excerpt":{"rendered":"<p>Po kilku dniach przerwy uda\u0142o nam si\u0119 znowu zasi\u0105\u015b\u0107 do komputera. Dzisiaj by\u0142 nasz ostatni dzie\u0144 w Meksyku. Ale po kolei&#8230; Nasze b\u0142ogie chwile na Meksyka\u0144skiej pla\u017cy sko\u0144czy\u0142y si\u0119 bardzo przyjemnie, dniem mniej upalnym. Mimo, \u017ce bardzo wystrzegali\u015bmy si\u0119 przez &hellip; <a href=\"http:\/\/bettertogether.telenczuk.pl\/?p=420\" >Continue reading <span class=\"meta-nav\">&rarr;<\/span><\/a><\/p>\n","protected":false},"author":3,"featured_media":0,"comment_status":"open","ping_status":"open","sticky":false,"template":"","format":"standard","meta":[],"categories":[9,8],"tags":[],"_links":{"self":[{"href":"http:\/\/bettertogether.telenczuk.pl\/index.php?rest_route=\/wp\/v2\/posts\/420"}],"collection":[{"href":"http:\/\/bettertogether.telenczuk.pl\/index.php?rest_route=\/wp\/v2\/posts"}],"about":[{"href":"http:\/\/bettertogether.telenczuk.pl\/index.php?rest_route=\/wp\/v2\/types\/post"}],"author":[{"embeddable":true,"href":"http:\/\/bettertogether.telenczuk.pl\/index.php?rest_route=\/wp\/v2\/users\/3"}],"replies":[{"embeddable":true,"href":"http:\/\/bettertogether.telenczuk.pl\/index.php?rest_route=%2Fwp%2Fv2%2Fcomments&post=420"}],"version-history":[{"count":4,"href":"http:\/\/bettertogether.telenczuk.pl\/index.php?rest_route=\/wp\/v2\/posts\/420\/revisions"}],"predecessor-version":[{"id":513,"href":"http:\/\/bettertogether.telenczuk.pl\/index.php?rest_route=\/wp\/v2\/posts\/420\/revisions\/513"}],"wp:attachment":[{"href":"http:\/\/bettertogether.telenczuk.pl\/index.php?rest_route=%2Fwp%2Fv2%2Fmedia&parent=420"}],"wp:term":[{"taxonomy":"category","embeddable":true,"href":"http:\/\/bettertogether.telenczuk.pl\/index.php?rest_route=%2Fwp%2Fv2%2Fcategories&post=420"},{"taxonomy":"post_tag","embeddable":true,"href":"http:\/\/bettertogether.telenczuk.pl\/index.php?rest_route=%2Fwp%2Fv2%2Ftags&post=420"}],"curies":[{"name":"wp","href":"https:\/\/api.w.org\/{rel}","templated":true}]}}